{"id":4845,"global_id":"www.forum-systemaufstellungen.at\/veranstaltungen?id=4845","global_id_lineage":["www.forum-systemaufstellungen.at\/veranstaltungen?id=4845"],"author":"3","status":"publish","date":"2025-01-31 16:12:43","date_utc":"2025-01-31 15:12:43","modified":"2026-01-26 12:22:11","modified_utc":"2026-01-26 11:22:11","url":"https:\/\/www.forum-systemaufstellungen.at\/veranstaltungen\/info\/lernraum-verbinden-lernen-entfalten\/","rest_url":"https:\/\/www.forum-systemaufstellungen.at\/veranstaltungen\/wp-json\/tribe\/events\/v1\/events\/4845","title":"LernRaum: verbinden | lernen | entfalten &#8211; mit Georg M\u00fcller-Christ","description":"<h4>Vom ersten Eindruck zur klaren Sicht: Was wir in der Auswertung von Aufstellungen h\u00e4ufig \u00fcbersehen<\/h4>\n<h4><span style=\"color: #666666; font-size: 14px;\">Im LernRaum machen wir eine Aufstellung \u2013 und dann schauen wir gemeinsam <\/span><em style=\"color: #666666; font-size: 14px;\">ganz genau<\/em><span style=\"color: #666666; font-size: 14px;\"> hin.<\/span><\/h4>\n<div class=\"group-left\">\n<div class=\"field field-name-field-veranstaltungsort field-type-text-long field-label-above\">\n<div class=\"field-items\">\n<div class=\"field-item even\">\n<p>Nicht mit \u201erichtigen Deutungen\u201c, sondern mit einem wachen Blick daf\u00fcr, was uns Menschen schnell passiert:<br \/>\nWir sehen zuerst das, was zu unserer Idee passt. Wir \u00fcbersehen den Rand. Wir machen zu fr\u00fch eine Geschichte.<\/p>\n<p>Gerade bei verdeckten Aufstellungen wird das spannend: Das Bild spricht \u2013 und unsere Wahrnehmung redet dazwischen.<br \/>\nIn zwei Stunden \u00fcben wir, diese blinden Flecken zu bemerken und das Aufstellungsbild so auszuwerten,<br \/>\ndass dir weniger Wesentliches entgeht.<\/p>\n<\/div>\n<\/div>\n<\/div>\n<\/div>\n<p>Referent: <strong><a href=\"https:\/\/www.mc-managementaufstellungen.de\/uber-mich\/\" target=\"_blank\" rel=\"noopener\">GEORG M\u00dcLLER-CHRIST<\/a>, <\/strong>Universit\u00e4t Bremen, setzt Erkundungsaufstellungen in Wissenschaft und Praxis ein.<\/p>\n<p><strong>ZOOM-LINK<\/strong> folgt nach Anmeldung kurz vor Veranstaltungsbeginn<\/p>\n<p>&nbsp;<\/p>\n<p><strong>Die verbands\u00fcbergreifende Fortbildungsreihe von DGfS, infosyon &amp; \u00d6fS:<br \/>\n<\/strong><em><strong>FACHWISSEN VERMITTELN &#8211; AUSTAUSCH F\u00d6RDERN &#8211; EXPERIMENT ERM\u00d6GLICHEN<\/strong><\/em><\/p>\n<ul>\n<li>F\u00fcr ALLE Aufsteller:innen, die sich hier angesprochen f\u00fchlen und neugierig sind!<\/li>\n<li>Jeden letzten Dienstag im Monat<\/li>\n<li>Kostenlos<\/li>\n<li>Online via Zoom<\/li>\n<\/ul>\n<p>&nbsp;<\/p>\n<p><strong>TERMINE 2026 (\u00c4nderungen vorbehalten):<\/strong><\/p>\n<ul>\n<li>24. M\u00e4rz: Guni Baxa<\/li>\n<li>28. April: Klaus Peter Horn<\/li>\n<li>26. Mai: Christa Kolodej<\/li>\n<li>23. Juni: Stefan Hausner<\/li>\n<li>28. Juli: Marion Lockert<\/li>\n<li>25. August: Peter Rost<\/li>\n<li>22. September: Ester Gaus<\/li>\n<li>27. Oktober: Harald Homberger<\/li>\n<li>24. November: Diana Drexler<\/li>\n<\/ul>","excerpt":"","slug":"lernraum-verbinden-lernen-entfalten","image":{"url":"https:\/\/www.forum-systemaufstellungen.at\/veranstaltungen\/wp-content\/uploads\/2023\/11\/image-455x628-1-e1764764115298.jpg","id":3999,"extension":"jpg","width":217,"height":300,"filesize":11981,"sizes":{"medium":{"width":290,"height":400,"mime-type":"image\/jpeg","filesize":19178,"url":"https:\/\/www.forum-systemaufstellungen.at\/veranstaltungen\/wp-content\/uploads\/2023\/11\/image-455x628-1-290x400.jpg"},"thumbnail":{"width":109,"height":150,"mime-type":"image\/jpeg","filesize":4183,"url":"https:\/\/www.forum-systemaufstellungen.at\/veranstaltungen\/wp-content\/uploads\/2023\/11\/image-455x628-1-109x150.jpg"},"et-pb-post-main-image":{"width":400,"height":250,"mime-type":"image\/jpeg","filesize":18227,"url":"https:\/\/www.forum-systemaufstellungen.at\/veranstaltungen\/wp-content\/uploads\/2023\/11\/image-455x628-1-400x250.jpg"},"et-pb-portfolio-image":{"width":400,"height":284,"mime-type":"image\/jpeg","filesize":20225,"url":"https:\/\/www.forum-systemaufstellungen.at\/veranstaltungen\/wp-content\/uploads\/2023\/11\/image-455x628-1-400x284.jpg"},"et-pb-portfolio-module-image":{"width":455,"height":382,"mime-type":"image\/jpeg","filesize":32562,"url":"https:\/\/www.forum-systemaufstellungen.at\/veranstaltungen\/wp-content\/uploads\/2023\/11\/image-455x628-1-455x382.jpg"},"et-pb-gallery-module-image-portrait":{"width":400,"height":516,"mime-type":"image\/jpeg","filesize":31621,"url":"https:\/\/www.forum-systemaufstellungen.at\/veranstaltungen\/wp-content\/uploads\/2023\/11\/image-455x628-1-400x516.jpg"}}},"all_day":false,"start_date":"2026-02-24 19:00:00","start_date_details":{"year":"2026","month":"02","day":"24","hour":"19","minutes":"00","seconds":"00"},"end_date":"2026-02-24 21:00:00","end_date_details":{"year":"2026","month":"02","day":"24","hour":"21","minutes":"00","seconds":"00"},"utc_start_date":"2026-02-24 18:00:00","utc_start_date_details":{"year":"2026","month":"02","day":"24","hour":"18","minutes":"00","seconds":"00"},"utc_end_date":"2026-02-24 20:00:00","utc_end_date_details":{"year":"2026","month":"02","day":"24","hour":"20","minutes":"00","seconds":"00"},"timezone":"Europe\/Vienna","timezone_abbr":"CET","cost":"","cost_details":{"currency_symbol":"\u20ac","currency_code":"EUR","currency_position":"prefix","values":[]},"website":"","show_map":false,"show_map_link":false,"hide_from_listings":false,"sticky":true,"featured":false,"categories":[{"name":"\u00d6fS Veranstaltungen","slug":"oefs-veranstaltungen","term_group":0,"term_taxonomy_id":7,"taxonomy":"tribe_events_cat","description":"","parent":0,"count":21,"filter":"raw","id":7,"urls":{"self":"https:\/\/www.forum-systemaufstellungen.at\/veranstaltungen\/wp-json\/tribe\/events\/v1\/categories\/7","collection":"https:\/\/www.forum-systemaufstellungen.at\/veranstaltungen\/wp-json\/tribe\/events\/v1\/categories"}},{"name":"Partnerverb\u00e4nde","slug":"partnerverbaende","term_group":0,"term_taxonomy_id":15,"taxonomy":"tribe_events_cat","description":"","parent":0,"count":10,"filter":"raw","id":15,"urls":{"self":"https:\/\/www.forum-systemaufstellungen.at\/veranstaltungen\/wp-json\/tribe\/events\/v1\/categories\/15","collection":"https:\/\/www.forum-systemaufstellungen.at\/veranstaltungen\/wp-json\/tribe\/events\/v1\/categories"}}],"tags":[],"venue":{"id":1665,"author":"3","status":"publish","date":"2020-04-02 14:06:15","date_utc":"2020-04-02 12:06:15","modified":"2020-04-02 14:06:15","modified_utc":"2020-04-02 12:06:15","url":"https:\/\/www.forum-systemaufstellungen.at\/veranstaltungen\/veranstaltungsort\/online\/","venue":"ONLINE","slug":"online","json_ld":{"@type":"Place","name":"ONLINE","description":"","url":"https:\/\/www.forum-systemaufstellungen.at\/veranstaltungen\/veranstaltungsort\/online\/","address":{"@type":"PostalAddress"},"telephone":"","sameAs":""},"show_map":true,"show_map_link":true,"global_id":"www.forum-systemaufstellungen.at\/veranstaltungen?id=1665","global_id_lineage":["www.forum-systemaufstellungen.at\/veranstaltungen?id=1665"]},"organizer":[],"custom_fields":[],"json_ld":{"@context":"http:\/\/schema.org","@type":"Event","name":"LernRaum: verbinden | lernen | entfalten &#8211; mit Georg M\u00fcller-Christ","description":"&lt;p&gt;Vom ersten Eindruck zur klaren Sicht: Was wir in der Auswertung von Aufstellungen h\u00e4ufig \u00fcbersehen Im LernRaum machen wir eine [&hellip;]&lt;\/p&gt;\\n","image":"https:\/\/www.forum-systemaufstellungen.at\/veranstaltungen\/wp-content\/uploads\/2023\/11\/image-455x628-1-e1764764115298.jpg","url":"https:\/\/www.forum-systemaufstellungen.at\/veranstaltungen\/info\/lernraum-verbinden-lernen-entfalten\/","eventAttendanceMode":"https:\/\/schema.org\/OfflineEventAttendanceMode","eventStatus":"https:\/\/schema.org\/EventScheduled","startDate":"2026-02-24T19:00:00+01:00","endDate":"2026-02-24T21:00:00+01:00","location":{"@type":"Place","name":"ONLINE","description":"","url":"https:\/\/www.forum-systemaufstellungen.at\/veranstaltungen\/veranstaltungsort\/online\/","address":{"@type":"PostalAddress"},"telephone":"","sameAs":""},"performer":"Organization"},"is_virtual":false,"virtual_url":null,"virtual_video_source":""}