{"id":621,"date":"2018-12-13T09:54:06","date_gmt":"2018-12-13T08:54:06","guid":{"rendered":"https:\/\/www.forum-systemaufstellungen.at\/veranstaltungen\/?p=621"},"modified":"2019-11-13T20:23:07","modified_gmt":"2019-11-13T19:23:07","slug":"oefs-tagung-2019","status":"publish","type":"post","link":"https:\/\/www.forum-systemaufstellungen.at\/veranstaltungen\/oefs-tagung-2019\/","title":{"rendered":"\u00d6fS TAGUNG 18.-19. Oktober 2019, Mauerbach bei Wien"},"content":{"rendered":"<p>[et_pb_section fb_built=&#8220;1&#8243; _builder_version=&#8220;3.22&#8243; fb_built=&#8220;1&#8243; _i=&#8220;0&#8243; _address=&#8220;0&#8243;][et_pb_row _builder_version=&#8220;3.25&#8243; background_size=&#8220;initial&#8220; background_position=&#8220;top_left&#8220; background_repeat=&#8220;repeat&#8220; _i=&#8220;0&#8243; _address=&#8220;0.0&#8243;][et_pb_column type=&#8220;4_4&#8243; _builder_version=&#8220;3.25&#8243; custom_padding=&#8220;|||&#8220; _i=&#8220;0&#8243; _address=&#8220;0.0.0&#8243; custom_padding__hover=&#8220;|||&#8220;][et_pb_text _builder_version=&#8220;3.29.3&#8243; background_size=&#8220;initial&#8220; background_position=&#8220;top_left&#8220; background_repeat=&#8220;repeat&#8220; _i=&#8220;0&#8243; _address=&#8220;0.0.0.0&#8243;]<\/p>\n<h3>BEGEGNUNG JENSEITS DER GRENZEN: DEM VERBINDENDEN AUF DER SPUR<\/h3>\n<p>Die Vielfalt der spirituellen und kulturellen Ausdrucksformen trennt und eint uns als Menschen gleicherma\u00dfen. \u00dcber spirituelle und kulturelle Traditionen f\u00fchlen wir uns zugeh\u00f6rig und verbunden mit unseren Systemen. Diese Zugeh\u00f6rigkeit grenzt vordergr\u00fcndig das Andere aus. Wenn es uns gelingt, \u00fcber diese Grenzen hinaus zu denken, entdecken wir einen Raum, in dem wir etwas Gr\u00f6\u00dferes erfahren und mit allem und allen verbunden sind.<\/p>\n<p>In Zeiten, in denen Menschen aus anderen Kulturen mit Z\u00e4unen abgewehrt und fremde Religionen angstvoll abgelehnt werden, erscheint uns die systemische Aufstellungsarbeit als ein besonders wertvolles Instrument. Sie erm\u00f6glicht es, das allen Menschen Gemeinsame aufzuzeigen und Verst\u00e4ndigung jenseits der Worte herzustellen. F\u00fcr manche ist sie auch ein Weg, im Alltag jene Grundhaltungen zu \u00fcben, die in vielen spirituellen Traditionen gepflegt werden: Achtsamkeit, Absichtslosigkeit, Mitgef\u00fchl, Einheit.<\/p>\n<p>In der \u00d6fS-Tagung 2019 wollen wir folgenden Fragen nachgehen:<br \/>Was ist allen Menschen gemeinsam?<br \/>Was hilft uns, das Wesentliche zu erfahren?<br \/>Wie begegnen wir uns selbst und dem Fremden?<br \/>Was erm\u00f6glicht Neugierde, Offenheit und Austausch?<br \/>Was ist der Beitrag des Einzelnen und der Gesellschaft zum Frieden?<br \/>Wie kann systemische Aufstellungsarbeit diesen Dialog wirksam begleiten?<\/p>\n<p>Es ist dies ein weit gespannter Bogen. Wir verstehen ihn als Einladung, an die Grenzen des uns Bekannten zu gehen und vielleicht sogar ein St\u00fcck dar\u00fcber hinaus. Mit dieser Absicht haben wir ein buntes Spektrum an Menschen eingeladen, die diese Qualit\u00e4ten und Haltungen in den verschiedensten Bereichen des Lebens verwirklichen. Wir freuen uns darauf, uns von ihnen ber\u00fchren, inspirieren und ermutigen zu lassen. M\u00f6ge die Tagung pers\u00f6nliche Prozesse ansto\u00dfen und damit unser Sein und Wirken bereichern!<\/p>\n<p>Dies w\u00fcnscht der \u00d6fS-Vorstand<\/p>\n<p>Manuela M\u00e4tzener, Friedrich Fehlinger, Sylvia Kabelka,<br \/>Martin Richter,\u00a0Kurt Fleischner, Angelika Kroyer, Gabriele Halkort<\/p>\n<p><a href=\"https:\/\/www.forum-systemaufstellungen.at\/veranstaltungen\/wp-content\/uploads\/2018\/12\/OefS2019_Folder1_onl4-3.pdf\">\u00d6fS Tagungsfolder 2019<\/a>\u00a0zum Download<\/p>\n<p><a href=\"https:\/\/www.forum-systemaufstellungen.at\/tagung\/\" target=\"_blank\" rel=\"noopener noreferrer\">LINK ZUR TAGUNGSWEBSITE<\/a><\/p>\n<p>[\/et_pb_text][et_pb_gallery gallery_ids=&#8220;1387,1386,1385,1384,1383,1382,1381,1380,1379,1378,1377,1376,1364,1365,1366,1367,1368,1369,1370,1371,1372,1373,1374,1375,1363,1362,1361,1360,1359,1358,1357,1356,1355,1354,1353,1352,1340,1341,1342,1343,1344,1345,1347,1346,1348,1349,1350,1351,1339&#8243; fullwidth=&#8220;on&#8220; _builder_version=&#8220;3.29.3&#8243; hover_enabled=&#8220;0&#8243; _i=&#8220;1&#8243; _address=&#8220;0.0.0.1&#8243; admin_label=&#8220;Galerie&#8220;][\/et_pb_gallery][\/et_pb_column][\/et_pb_row][\/et_pb_section]<\/p>\n","protected":false},"excerpt":{"rendered":"<p>\u00d6fS Tagung 2019<\/p>\n","protected":false},"author":3,"featured_media":720,"comment_status":"closed","ping_status":"closed","sticky":false,"template":"","format":"standard","meta":{"_et_pb_use_builder":"on","_et_pb_old_content":"<h3>BEGEGNUNG JENSEITS DER GRENZEN: DEM VERBINDENDEN AUF DER SPUR<\/h3><p>Die Vielfalt der spirituellen und kulturellen Ausdrucksformen trennt und eint uns als Menschen gleicherma\u00dfen. \u00dcber spirituelle und kulturelle Traditionen f\u00fchlen wir uns zugeh\u00f6rig und verbunden mit unseren Systemen. Diese Zugeh\u00f6rigkeit grenzt vordergr\u00fcndig das Andere aus. Wenn es uns gelingt, \u00fcber diese Grenzen hinaus zu denken, entdecken wir einen Raum, in dem wir etwas Gr\u00f6\u00dferes erfahren und mit allem und allen verbunden sind.<\/p><p>In Zeiten, in denen Menschen aus anderen Kulturen mit Z\u00e4unen abgewehrt und fremde Religionen angstvoll abgelehnt werden, erscheint uns die systemische Aufstellungsarbeit als ein besonders wertvolles Instrument. Sie erm\u00f6glicht es, das allen Menschen Gemeinsame aufzuzeigen und Verst\u00e4ndigung jenseits der Worte herzustellen. F\u00fcr manche ist sie auch ein Weg, im Alltag jene Grundhaltungen zu \u00fcben, die in vielen spirituellen Traditionen gepflegt werden: Achtsamkeit, Absichtslosigkeit, Mitgef\u00fchl, Einheit.<\/p><p>In der \u00d6fS-Tagung 2019 wollen wir folgenden Fragen nachgehen:<br \/>Was ist allen Menschen gemeinsam?<br \/>Was hilft uns, das Wesentliche zu erfahren?<br \/>Wie begegnen wir uns selbst und dem Fremden?<br \/>Was erm\u00f6glicht Neugierde, Offenheit und Austausch?<br \/>Was ist der Beitrag des Einzelnen und der Gesellschaft zum Frieden?<br \/>Wie kann systemische Aufstellungsarbeit diesen Dialog wirksam begleiten?<\/p><p>Es ist dies ein weit gespannter Bogen. Wir verstehen ihn als Einladung, an die Grenzen des uns Bekannten zu gehen und vielleicht sogar ein St\u00fcck dar\u00fcber hinaus. Mit dieser Absicht haben wir ein buntes Spektrum an Menschen eingeladen, die diese Qualit\u00e4ten und Haltungen in den verschiedensten Bereichen des Lebens verwirklichen. Wir freuen uns darauf, uns von ihnen ber\u00fchren, inspirieren und ermutigen zu lassen. M\u00f6ge die Tagung pers\u00f6nliche Prozesse ansto\u00dfen und damit unser Sein und Wirken bereichern!<\/p><p>Dies w\u00fcnscht der \u00d6fS-Vorstand<\/p><p>Manuela M\u00e4tzener, Friedrich Fehlinger, Sylvia Kabelka,<br \/>Martin Richter,\u00a0Kurt Fleischner, Angelika Kroyer, Gabriele Halkort<\/p><p><a href=\"https:\/\/www.forum-systemaufstellungen.at\/veranstaltungen\/wp-content\/uploads\/2018\/12\/OefS2019_Folder1_onl4-3.pdf\">\u00d6fS Tagungsfolder 2019<\/a>\u00a0zum Download<\/p><p><a href=\"https:\/\/www.forum-systemaufstellungen.at\/tagung\/\" target=\"_blank\" rel=\"noopener noreferrer\">LINK ZUR TAGUNGSWEBSITE<\/a><\/p>","_et_gb_content_width":"","footnotes":""},"categories":[9],"tags":[],"class_list":["post-621","post","type-post","status-publish","format-standard","has-post-thumbnail","hentry","category-oefs-veranstaltungen-rueckblick"],"yoast_head":"<!-- This site is optimized with the Yoast SEO plugin v26.9 - https:\/\/yoast.com\/product\/yoast-seo-wordpress\/ -->\n<title>\u00d6fS TAGUNG 18.-19. Oktober 2019, Mauerbach bei Wien - \u00d6fS Veranstaltungen<\/title>\n<meta name=\"robots\" content=\"index, follow, max-snippet:-1, max-image-preview:large, max-video-preview:-1\" \/>\n<link rel=\"canonical\" href=\"https:\/\/www.forum-systemaufstellungen.at\/veranstaltungen\/oefs-tagung-2019\/\" \/>\n<meta property=\"og:locale\" content=\"de_DE\" \/>\n<meta property=\"og:type\" content=\"article\" \/>\n<meta property=\"og:title\" content=\"\u00d6fS TAGUNG 18.-19. Oktober 2019, Mauerbach bei Wien - \u00d6fS Veranstaltungen\" \/>\n<meta property=\"og:description\" content=\"\u00d6fS Tagung 2019\" \/>\n<meta property=\"og:url\" content=\"https:\/\/www.forum-systemaufstellungen.at\/veranstaltungen\/oefs-tagung-2019\/\" \/>\n<meta property=\"og:site_name\" content=\"\u00d6fS Veranstaltungen\" \/>\n<meta property=\"article:published_time\" content=\"2018-12-13T08:54:06+00:00\" \/>\n<meta property=\"article:modified_time\" content=\"2019-11-13T19:23:07+00:00\" \/>\n<meta property=\"og:image\" content=\"https:\/\/www.forum-systemaufstellungen.at\/veranstaltungen\/wp-content\/uploads\/2018\/12\/oefs_veranstaltungen_augen.jpg\" \/>\n\t<meta property=\"og:image:width\" content=\"801\" \/>\n\t<meta property=\"og:image:height\" content=\"376\" \/>\n\t<meta property=\"og:image:type\" content=\"image\/jpeg\" \/>\n<meta name=\"author\" content=\"Ulla Bruckner\" \/>\n<meta name=\"twitter:card\" content=\"summary_large_image\" \/>\n<meta name=\"twitter:label1\" content=\"Verfasst von\" \/>\n\t<meta name=\"twitter:data1\" content=\"Ulla Bruckner\" \/>\n\t<meta name=\"twitter:label2\" content=\"Gesch\u00e4tzte Lesezeit\" \/>\n\t<meta name=\"twitter:data2\" content=\"2\u00a0Minuten\" \/>\n<script type=\"application\/ld+json\" class=\"yoast-schema-graph\">{\"@context\":\"https:\/\/schema.org\",\"@graph\":[{\"@type\":\"Article\",\"@id\":\"https:\/\/www.forum-systemaufstellungen.at\/veranstaltungen\/oefs-tagung-2019\/#article\",\"isPartOf\":{\"@id\":\"https:\/\/www.forum-systemaufstellungen.at\/veranstaltungen\/oefs-tagung-2019\/\"},\"author\":{\"name\":\"Ulla Bruckner\",\"@id\":\"https:\/\/www.forum-systemaufstellungen.at\/veranstaltungen\/#\/schema\/person\/f665ecf2b9188f54d46733436b64c5eb\"},\"headline\":\"\u00d6fS TAGUNG 18.-19. Oktober 2019, Mauerbach bei Wien\",\"datePublished\":\"2018-12-13T08:54:06+00:00\",\"dateModified\":\"2019-11-13T19:23:07+00:00\",\"mainEntityOfPage\":{\"@id\":\"https:\/\/www.forum-systemaufstellungen.at\/veranstaltungen\/oefs-tagung-2019\/\"},\"wordCount\":407,\"image\":{\"@id\":\"https:\/\/www.forum-systemaufstellungen.at\/veranstaltungen\/oefs-tagung-2019\/#primaryimage\"},\"thumbnailUrl\":\"https:\/\/www.forum-systemaufstellungen.at\/veranstaltungen\/wp-content\/uploads\/2018\/12\/oefs_veranstaltungen_augen.jpg\",\"articleSection\":[\"\u00d6fS Veranstaltungen R\u00fcckblick\"],\"inLanguage\":\"de\"},{\"@type\":\"WebPage\",\"@id\":\"https:\/\/www.forum-systemaufstellungen.at\/veranstaltungen\/oefs-tagung-2019\/\",\"url\":\"https:\/\/www.forum-systemaufstellungen.at\/veranstaltungen\/oefs-tagung-2019\/\",\"name\":\"\u00d6fS TAGUNG 18.-19. Oktober 2019, Mauerbach bei Wien - \u00d6fS Veranstaltungen\",\"isPartOf\":{\"@id\":\"https:\/\/www.forum-systemaufstellungen.at\/veranstaltungen\/#website\"},\"primaryImageOfPage\":{\"@id\":\"https:\/\/www.forum-systemaufstellungen.at\/veranstaltungen\/oefs-tagung-2019\/#primaryimage\"},\"image\":{\"@id\":\"https:\/\/www.forum-systemaufstellungen.at\/veranstaltungen\/oefs-tagung-2019\/#primaryimage\"},\"thumbnailUrl\":\"https:\/\/www.forum-systemaufstellungen.at\/veranstaltungen\/wp-content\/uploads\/2018\/12\/oefs_veranstaltungen_augen.jpg\",\"datePublished\":\"2018-12-13T08:54:06+00:00\",\"dateModified\":\"2019-11-13T19:23:07+00:00\",\"author\":{\"@id\":\"https:\/\/www.forum-systemaufstellungen.at\/veranstaltungen\/#\/schema\/person\/f665ecf2b9188f54d46733436b64c5eb\"},\"breadcrumb\":{\"@id\":\"https:\/\/www.forum-systemaufstellungen.at\/veranstaltungen\/oefs-tagung-2019\/#breadcrumb\"},\"inLanguage\":\"de\",\"potentialAction\":[{\"@type\":\"ReadAction\",\"target\":[\"https:\/\/www.forum-systemaufstellungen.at\/veranstaltungen\/oefs-tagung-2019\/\"]}]},{\"@type\":\"ImageObject\",\"inLanguage\":\"de\",\"@id\":\"https:\/\/www.forum-systemaufstellungen.at\/veranstaltungen\/oefs-tagung-2019\/#primaryimage\",\"url\":\"https:\/\/www.forum-systemaufstellungen.at\/veranstaltungen\/wp-content\/uploads\/2018\/12\/oefs_veranstaltungen_augen.jpg\",\"contentUrl\":\"https:\/\/www.forum-systemaufstellungen.at\/veranstaltungen\/wp-content\/uploads\/2018\/12\/oefs_veranstaltungen_augen.jpg\",\"width\":801,\"height\":376},{\"@type\":\"BreadcrumbList\",\"@id\":\"https:\/\/www.forum-systemaufstellungen.at\/veranstaltungen\/oefs-tagung-2019\/#breadcrumb\",\"itemListElement\":[{\"@type\":\"ListItem\",\"position\":1,\"name\":\"Startseite\",\"item\":\"https:\/\/www.forum-systemaufstellungen.at\/veranstaltungen\/\"},{\"@type\":\"ListItem\",\"position\":2,\"name\":\"\u00d6fS TAGUNG 18.-19. Oktober 2019, Mauerbach bei Wien\"}]},{\"@type\":\"WebSite\",\"@id\":\"https:\/\/www.forum-systemaufstellungen.at\/veranstaltungen\/#website\",\"url\":\"https:\/\/www.forum-systemaufstellungen.at\/veranstaltungen\/\",\"name\":\"\u00d6fS Veranstaltungen\",\"description\":\"systemische Aufstellungsarbeit\",\"potentialAction\":[{\"@type\":\"SearchAction\",\"target\":{\"@type\":\"EntryPoint\",\"urlTemplate\":\"https:\/\/www.forum-systemaufstellungen.at\/veranstaltungen\/?s={search_term_string}\"},\"query-input\":{\"@type\":\"PropertyValueSpecification\",\"valueRequired\":true,\"valueName\":\"search_term_string\"}}],\"inLanguage\":\"de\"},{\"@type\":\"Person\",\"@id\":\"https:\/\/www.forum-systemaufstellungen.at\/veranstaltungen\/#\/schema\/person\/f665ecf2b9188f54d46733436b64c5eb\",\"name\":\"Ulla Bruckner\",\"image\":{\"@type\":\"ImageObject\",\"inLanguage\":\"de\",\"@id\":\"https:\/\/www.forum-systemaufstellungen.at\/veranstaltungen\/#\/schema\/person\/image\/\",\"url\":\"https:\/\/secure.gravatar.com\/avatar\/ca3ab1dd1dc86da7ff1c074ed970aa4af228c832544e4e653b4e1a19fe3269c4?s=96&d=mm&r=g\",\"contentUrl\":\"https:\/\/secure.gravatar.com\/avatar\/ca3ab1dd1dc86da7ff1c074ed970aa4af228c832544e4e653b4e1a19fe3269c4?s=96&d=mm&r=g\",\"caption\":\"Ulla Bruckner\"},\"url\":\"https:\/\/www.forum-systemaufstellungen.at\/veranstaltungen\/author\/s6nh2xka\/\"}]}<\/script>\n<!-- \/ Yoast SEO plugin. -->","yoast_head_json":{"title":"\u00d6fS TAGUNG 18.-19. Oktober 2019, Mauerbach bei Wien - \u00d6fS Veranstaltungen","robots":{"index":"index","follow":"follow","max-snippet":"max-snippet:-1","max-image-preview":"max-image-preview:large","max-video-preview":"max-video-preview:-1"},"canonical":"https:\/\/www.forum-systemaufstellungen.at\/veranstaltungen\/oefs-tagung-2019\/","og_locale":"de_DE","og_type":"article","og_title":"\u00d6fS TAGUNG 18.-19. Oktober 2019, Mauerbach bei Wien - \u00d6fS Veranstaltungen","og_description":"\u00d6fS Tagung 2019","og_url":"https:\/\/www.forum-systemaufstellungen.at\/veranstaltungen\/oefs-tagung-2019\/","og_site_name":"\u00d6fS Veranstaltungen","article_published_time":"2018-12-13T08:54:06+00:00","article_modified_time":"2019-11-13T19:23:07+00:00","og_image":[{"width":801,"height":376,"url":"https:\/\/www.forum-systemaufstellungen.at\/veranstaltungen\/wp-content\/uploads\/2018\/12\/oefs_veranstaltungen_augen.jpg","type":"image\/jpeg"}],"author":"Ulla Bruckner","twitter_card":"summary_large_image","twitter_misc":{"Verfasst von":"Ulla Bruckner","Gesch\u00e4tzte Lesezeit":"2\u00a0Minuten"},"schema":{"@context":"https:\/\/schema.org","@graph":[{"@type":"Article","@id":"https:\/\/www.forum-systemaufstellungen.at\/veranstaltungen\/oefs-tagung-2019\/#article","isPartOf":{"@id":"https:\/\/www.forum-systemaufstellungen.at\/veranstaltungen\/oefs-tagung-2019\/"},"author":{"name":"Ulla Bruckner","@id":"https:\/\/www.forum-systemaufstellungen.at\/veranstaltungen\/#\/schema\/person\/f665ecf2b9188f54d46733436b64c5eb"},"headline":"\u00d6fS TAGUNG 18.-19. Oktober 2019, Mauerbach bei Wien","datePublished":"2018-12-13T08:54:06+00:00","dateModified":"2019-11-13T19:23:07+00:00","mainEntityOfPage":{"@id":"https:\/\/www.forum-systemaufstellungen.at\/veranstaltungen\/oefs-tagung-2019\/"},"wordCount":407,"image":{"@id":"https:\/\/www.forum-systemaufstellungen.at\/veranstaltungen\/oefs-tagung-2019\/#primaryimage"},"thumbnailUrl":"https:\/\/www.forum-systemaufstellungen.at\/veranstaltungen\/wp-content\/uploads\/2018\/12\/oefs_veranstaltungen_augen.jpg","articleSection":["\u00d6fS Veranstaltungen R\u00fcckblick"],"inLanguage":"de"},{"@type":"WebPage","@id":"https:\/\/www.forum-systemaufstellungen.at\/veranstaltungen\/oefs-tagung-2019\/","url":"https:\/\/www.forum-systemaufstellungen.at\/veranstaltungen\/oefs-tagung-2019\/","name":"\u00d6fS TAGUNG 18.-19. Oktober 2019, Mauerbach bei Wien - \u00d6fS Veranstaltungen","isPartOf":{"@id":"https:\/\/www.forum-systemaufstellungen.at\/veranstaltungen\/#website"},"primaryImageOfPage":{"@id":"https:\/\/www.forum-systemaufstellungen.at\/veranstaltungen\/oefs-tagung-2019\/#primaryimage"},"image":{"@id":"https:\/\/www.forum-systemaufstellungen.at\/veranstaltungen\/oefs-tagung-2019\/#primaryimage"},"thumbnailUrl":"https:\/\/www.forum-systemaufstellungen.at\/veranstaltungen\/wp-content\/uploads\/2018\/12\/oefs_veranstaltungen_augen.jpg","datePublished":"2018-12-13T08:54:06+00:00","dateModified":"2019-11-13T19:23:07+00:00","author":{"@id":"https:\/\/www.forum-systemaufstellungen.at\/veranstaltungen\/#\/schema\/person\/f665ecf2b9188f54d46733436b64c5eb"},"breadcrumb":{"@id":"https:\/\/www.forum-systemaufstellungen.at\/veranstaltungen\/oefs-tagung-2019\/#breadcrumb"},"inLanguage":"de","potentialAction":[{"@type":"ReadAction","target":["https:\/\/www.forum-systemaufstellungen.at\/veranstaltungen\/oefs-tagung-2019\/"]}]},{"@type":"ImageObject","inLanguage":"de","@id":"https:\/\/www.forum-systemaufstellungen.at\/veranstaltungen\/oefs-tagung-2019\/#primaryimage","url":"https:\/\/www.forum-systemaufstellungen.at\/veranstaltungen\/wp-content\/uploads\/2018\/12\/oefs_veranstaltungen_augen.jpg","contentUrl":"https:\/\/www.forum-systemaufstellungen.at\/veranstaltungen\/wp-content\/uploads\/2018\/12\/oefs_veranstaltungen_augen.jpg","width":801,"height":376},{"@type":"BreadcrumbList","@id":"https:\/\/www.forum-systemaufstellungen.at\/veranstaltungen\/oefs-tagung-2019\/#breadcrumb","itemListElement":[{"@type":"ListItem","position":1,"name":"Startseite","item":"https:\/\/www.forum-systemaufstellungen.at\/veranstaltungen\/"},{"@type":"ListItem","position":2,"name":"\u00d6fS TAGUNG 18.-19. Oktober 2019, Mauerbach bei Wien"}]},{"@type":"WebSite","@id":"https:\/\/www.forum-systemaufstellungen.at\/veranstaltungen\/#website","url":"https:\/\/www.forum-systemaufstellungen.at\/veranstaltungen\/","name":"\u00d6fS Veranstaltungen","description":"systemische Aufstellungsarbeit","potentialAction":[{"@type":"SearchAction","target":{"@type":"EntryPoint","urlTemplate":"https:\/\/www.forum-systemaufstellungen.at\/veranstaltungen\/?s={search_term_string}"},"query-input":{"@type":"PropertyValueSpecification","valueRequired":true,"valueName":"search_term_string"}}],"inLanguage":"de"},{"@type":"Person","@id":"https:\/\/www.forum-systemaufstellungen.at\/veranstaltungen\/#\/schema\/person\/f665ecf2b9188f54d46733436b64c5eb","name":"Ulla Bruckner","image":{"@type":"ImageObject","inLanguage":"de","@id":"https:\/\/www.forum-systemaufstellungen.at\/veranstaltungen\/#\/schema\/person\/image\/","url":"https:\/\/secure.gravatar.com\/avatar\/ca3ab1dd1dc86da7ff1c074ed970aa4af228c832544e4e653b4e1a19fe3269c4?s=96&d=mm&r=g","contentUrl":"https:\/\/secure.gravatar.com\/avatar\/ca3ab1dd1dc86da7ff1c074ed970aa4af228c832544e4e653b4e1a19fe3269c4?s=96&d=mm&r=g","caption":"Ulla Bruckner"},"url":"https:\/\/www.forum-systemaufstellungen.at\/veranstaltungen\/author\/s6nh2xka\/"}]}},"_links":{"self":[{"href":"https:\/\/www.forum-systemaufstellungen.at\/veranstaltungen\/wp-json\/wp\/v2\/posts\/621","targetHints":{"allow":["GET"]}}],"collection":[{"href":"https:\/\/www.forum-systemaufstellungen.at\/veranstaltungen\/wp-json\/wp\/v2\/posts"}],"about":[{"href":"https:\/\/www.forum-systemaufstellungen.at\/veranstaltungen\/wp-json\/wp\/v2\/types\/post"}],"author":[{"embeddable":true,"href":"https:\/\/www.forum-systemaufstellungen.at\/veranstaltungen\/wp-json\/wp\/v2\/users\/3"}],"replies":[{"embeddable":true,"href":"https:\/\/www.forum-systemaufstellungen.at\/veranstaltungen\/wp-json\/wp\/v2\/comments?post=621"}],"version-history":[{"count":0,"href":"https:\/\/www.forum-systemaufstellungen.at\/veranstaltungen\/wp-json\/wp\/v2\/posts\/621\/revisions"}],"wp:featuredmedia":[{"embeddable":true,"href":"https:\/\/www.forum-systemaufstellungen.at\/veranstaltungen\/wp-json\/wp\/v2\/media\/720"}],"wp:attachment":[{"href":"https:\/\/www.forum-systemaufstellungen.at\/veranstaltungen\/wp-json\/wp\/v2\/media?parent=621"}],"wp:term":[{"taxonomy":"category","embeddable":true,"href":"https:\/\/www.forum-systemaufstellungen.at\/veranstaltungen\/wp-json\/wp\/v2\/categories?post=621"},{"taxonomy":"post_tag","embeddable":true,"href":"https:\/\/www.forum-systemaufstellungen.at\/veranstaltungen\/wp-json\/wp\/v2\/tags?post=621"}],"curies":[{"name":"wp","href":"https:\/\/api.w.org\/{rel}","templated":true}]}}